{"id":395,"date":"2019-12-09T22:13:00","date_gmt":"2019-12-09T21:13:00","guid":{"rendered":"http:\/\/192.168.1.104\/restaurant\/?p=83"},"modified":"2019-12-15T15:43:27","modified_gmt":"2019-12-15T14:43:27","slug":"lewinda-assemblee-nationale","status":"publish","type":"post","link":"https:\/\/lewinda.org\/?p=395","title":{"rendered":"Lewinda \u00e0 l&rsquo;Assembl\u00e9e nationale !"},"content":{"rendered":"<section class=\"av_textblock_section \"  itemscope=\"itemscope\" itemtype=\"https:\/\/schema.org\/BlogPosting\" itemprop=\"blogPost\" ><div class='avia_textblock  '   itemprop=\"text\" ><p>Le 5 novembre dernier, Thomas a pu rencontrer Madame Nathalie Elimas, d\u00e9put\u00e9e de la 6\u00e8me circonscription du Val d&rsquo;Oise (Modem).<\/p>\n<p>Nathalie Elimas est tr\u00e8s engag\u00e9e dans la lutte contre les cancers p\u00e9diatriques. Elle est notamment l&rsquo;auteure de la loi du 8 mars 2019 qui a renforc\u00e9 la prise en charge des cancers p\u00e9diatriques par la recherche, le soutien aux aidants familiaux, la formation des professionnels et le droit \u00e0 l\u2019oubli.<\/p>\n<p>La rencontre a \u00e9t\u00e9 tr\u00e8s int\u00e9ressante, Nathalie Elimas a \u00e9t\u00e9 enthousiasm\u00e9e par l&rsquo;esprit et les actions d\u00e9velopp\u00e9es par Lewinda\u00a0 !<\/p>\n<p>On est en phase !<br \/>\n<a class=\"_58cn\" href=\"https:\/\/www.facebook.com\/hashtag\/lewindaproject?source=feed_text&#038;epa=HASHTAG&#038;__xts__%5B0%5D=68.ARBmLnzfzCevEqwIAKffkLa8gPzzd3vo0tmjA-B9iUx9X9FQOfRLx1UR9pcdabodxCogviKgYjt8Hd_r0v-5MZNOzDALKdXTk-xjRvx5iV0qknLD4kBPUtXpNaRR-HVYTrdJBctjjvNrro9pgGWdad8Dka4VsuKBN73p0J-vxHQc-bue2nkZvcovsIJ2k8hWKr9eK56bZ97PIO44-QtFDKWELcXh2UdqclvzL-lqsy9T9iaW0FAqsGDdKgjovq-qrKXF8wU7ZbgG6Jgpne5qSTSZPNuSQSUxjD1deMn0XjBN_SWwbUEZmAKGf0BNMXncVKIAu6iSESUZ_i_J92aPihyfvqW7ikA5gtBm6JEUYeEKu-Kypj1GG4iCZVL990pnWsr--M1QeFKkp18yep5Nk871uzmlLVRVIgP9q-wRlybm&#038;__tn__=%2ANK-R\" type=\"\" data-ft=\"{\"><span class=\"_5afx\"><span class=\"_58cl _5afz\" aria-label=\"hashtag\">#<\/span><span class=\"_58cm\">lewindaproject<\/span><\/span><\/a> <a class=\"_58cn\" href=\"https:\/\/www.facebook.com\/hashtag\/artvscancers?source=feed_text&#038;epa=HASHTAG&#038;__xts__%5B0%5D=68.ARBmLnzfzCevEqwIAKffkLa8gPzzd3vo0tmjA-B9iUx9X9FQOfRLx1UR9pcdabodxCogviKgYjt8Hd_r0v-5MZNOzDALKdXTk-xjRvx5iV0qknLD4kBPUtXpNaRR-HVYTrdJBctjjvNrro9pgGWdad8Dka4VsuKBN73p0J-vxHQc-bue2nkZvcovsIJ2k8hWKr9eK56bZ97PIO44-QtFDKWELcXh2UdqclvzL-lqsy9T9iaW0FAqsGDdKgjovq-qrKXF8wU7ZbgG6Jgpne5qSTSZPNuSQSUxjD1deMn0XjBN_SWwbUEZmAKGf0BNMXncVKIAu6iSESUZ_i_J92aPihyfvqW7ikA5gtBm6JEUYeEKu-Kypj1GG4iCZVL990pnWsr--M1QeFKkp18yep5Nk871uzmlLVRVIgP9q-wRlybm&#038;__tn__=%2ANK-R\" type=\"\" data-ft=\"{\"><span class=\"_5afx\"><span class=\"_58cl _5afz\" aria-label=\"hashtag\">#<\/span><span class=\"_58cm\">artvscancers<\/span><\/span><\/a><\/p>\n<blockquote>\n<p><em>On y arrivera tous ensemble !<\/em><\/p>\n<p><em>De belles actions \u00e0 venir pour sensibiliser la soci\u00e9t\u00e9 et aider les enfants malades, leurs parents et aidants.<\/em><\/p>\n<\/blockquote>\n<p><!--more--><\/p>\n<p>Voici le lien de l&rsquo;article du site de Nathalie Elimas : <a href=\"https:\/\/www.nathalie-elimas.fr\/2019\/11\/05\/rencontre-avec-thomas-prodhomme-president-fondateur-de-lewinda\/\">Lien article du site internet Nathalie Elimas &#8211; rencontre Lewinda<\/a><\/p>\n<p>Voici un lien sur la loi du 8 mars 2019 :\u00a0<a href=\"https:\/\/www.senat.fr\/dossier-legislatif\/ppl18-167.html\">https:\/\/www.senat.fr\/dossier-legislatif\/ppl18-167.html<\/a><\/p>\n<\/div><\/section>\n<div  class='avia-image-container  av-styling-    avia-builder-el-1  el_after_av_textblock  avia-builder-el-last  avia-align-center '  itemprop=\"image\" itemscope=\"itemscope\" itemtype=\"https:\/\/schema.org\/ImageObject\"  ><div class='avia-image-container-inner'><div class='avia-image-overlay-wrap'><img class='avia_image' src='https:\/\/lewinda.org\/wp-content\/uploads\/2014\/07\/IMG_20191105_210046_724-768x684.jpg' alt='Assembl\u00e9e Nationale' title='IMG_20191105_210046_724' height=\"684\" width=\"768\"  itemprop=\"thumbnailUrl\"  \/><\/div><\/div><\/div>\n","protected":false},"excerpt":{"rendered":"","protected":false},"author":1,"featured_media":549,"comment_status":"open","ping_status":"open","sticky":false,"template":"","format":"standard","meta":{"footnotes":""},"categories":[2],"tags":[25,26,23,27],"class_list":["post-395","post","type-post","status-publish","format-standard","has-post-thumbnail","hentry","category-actualites","tag-assemblee-nationale","tag-cancers-pediatriques","tag-lewinda","tag-nathalie-elimas"],"_links":{"self":[{"href":"https:\/\/lewinda.org\/index.php?rest_route=\/wp\/v2\/posts\/395","targetHints":{"allow":["GET"]}}],"collection":[{"href":"https:\/\/lewinda.org\/index.php?rest_route=\/wp\/v2\/posts"}],"about":[{"href":"https:\/\/lewinda.org\/index.php?rest_route=\/wp\/v2\/types\/post"}],"author":[{"embeddable":true,"href":"https:\/\/lewinda.org\/index.php?rest_route=\/wp\/v2\/users\/1"}],"replies":[{"embeddable":true,"href":"https:\/\/lewinda.org\/index.php?rest_route=%2Fwp%2Fv2%2Fcomments&post=395"}],"version-history":[{"count":8,"href":"https:\/\/lewinda.org\/index.php?rest_route=\/wp\/v2\/posts\/395\/revisions"}],"predecessor-version":[{"id":628,"href":"https:\/\/lewinda.org\/index.php?rest_route=\/wp\/v2\/posts\/395\/revisions\/628"}],"wp:featuredmedia":[{"embeddable":true,"href":"https:\/\/lewinda.org\/index.php?rest_route=\/wp\/v2\/media\/549"}],"wp:attachment":[{"href":"https:\/\/lewinda.org\/index.php?rest_route=%2Fwp%2Fv2%2Fmedia&parent=395"}],"wp:term":[{"taxonomy":"category","embeddable":true,"href":"https:\/\/lewinda.org\/index.php?rest_route=%2Fwp%2Fv2%2Fcategories&post=395"},{"taxonomy":"post_tag","embeddable":true,"href":"https:\/\/lewinda.org\/index.php?rest_route=%2Fwp%2Fv2%2Ftags&post=395"}],"curies":[{"name":"wp","href":"https:\/\/api.w.org\/{rel}","templated":true}]}}